{"id":1631,"date":"2026-07-02T16:32:01","date_gmt":"2026-07-02T14:32:01","guid":{"rendered":"https:\/\/flofeel.fr\/LeBlog\/?p=1631"},"modified":"2026-09-05T16:55:27","modified_gmt":"2026-09-05T14:55:27","slug":"portraits-despace","status":"publish","type":"post","link":"https:\/\/flofeel.fr\/LeBlog\/portraits-despace\/","title":{"rendered":"Portraits d&rsquo;espace"},"content":{"rendered":"<div class=\"wp-block-image\">\n<figure class=\"aligncenter size-full\"><img loading=\"lazy\" decoding=\"async\" width=\"610\" height=\"458\" src=\"https:\/\/flofeel.fr\/LeBlog\/wp-content\/uploads\/2026\/09\/IMG_8754-copie.jpg\" alt=\"\" class=\"wp-image-1632\" srcset=\"https:\/\/flofeel.fr\/LeBlog\/wp-content\/uploads\/2026\/09\/IMG_8754-copie.jpg 610w, https:\/\/flofeel.fr\/LeBlog\/wp-content\/uploads\/2026\/09\/IMG_8754-copie-350x263.jpg 350w\" sizes=\"auto, (max-width: 610px) 100vw, 610px\" \/><figcaption class=\"wp-element-caption\">Vue de l&rsquo;exposition<\/figcaption><\/figure>\n<\/div>\n\n\n<p class=\"wp-block-paragraph\"><\/p>\n\n\n\n<p class=\"wp-block-paragraph\">Sarah Gautier pr\u00e9sente ici une s\u00e9rie de reproductions de dessins qu\u2019elle nomme \u00ab portraits d\u2019espace \u00bb.<br>Ces lieux existent r\u00e9ellement : chambres, caf\u00e9s, ateliers, int\u00e9rieurs habit\u00e9s. Son travail repose sur une pratique du dessin d\u2019observation men\u00e9e de fa\u00e7on presque radicale. Sans esquisse pr\u00e9alable ni crayonn\u00e9, elle construit l\u2019image directement au feutre fin, trait apr\u00e8s trait, d\u00e9tail apr\u00e8s d\u00e9tail.<\/p>\n\n\n<div class=\"wp-block-image\">\n<figure class=\"aligncenter size-full\"><img loading=\"lazy\" decoding=\"async\" width=\"610\" height=\"458\" src=\"https:\/\/flofeel.fr\/LeBlog\/wp-content\/uploads\/2026\/09\/IMG_8925-copie.jpg\" alt=\"\" class=\"wp-image-1633\" srcset=\"https:\/\/flofeel.fr\/LeBlog\/wp-content\/uploads\/2026\/09\/IMG_8925-copie.jpg 610w, https:\/\/flofeel.fr\/LeBlog\/wp-content\/uploads\/2026\/09\/IMG_8925-copie-350x263.jpg 350w\" sizes=\"auto, (max-width: 610px) 100vw, 610px\" \/><figcaption class=\"wp-element-caption\">Vue de l&rsquo;exposition et visiteur posant<\/figcaption><\/figure>\n<\/div>\n\n\n<p class=\"wp-block-paragraph\"><\/p>\n\n\n\n<p class=\"wp-block-paragraph\">L\u2019origine de son travail se situe dans l\u2019observation in situ, m\u00eame si certaines \u0153uvres sont aujourd\u2019hui r\u00e9alis\u00e9es d\u2019apr\u00e8s photographie, prolongeant ainsi cette attention minutieuse port\u00e9e aux lieux et \u00e0 leur m\u00e9moire.<\/p>\n\n\n<div class=\"wp-block-image\">\n<figure class=\"aligncenter size-full\"><img loading=\"lazy\" decoding=\"async\" width=\"413\" height=\"550\" src=\"https:\/\/flofeel.fr\/LeBlog\/wp-content\/uploads\/2026\/09\/IMG_8810-copie.jpg\" alt=\"\" class=\"wp-image-1634\" srcset=\"https:\/\/flofeel.fr\/LeBlog\/wp-content\/uploads\/2026\/09\/IMG_8810-copie.jpg 413w, https:\/\/flofeel.fr\/LeBlog\/wp-content\/uploads\/2026\/09\/IMG_8810-copie-263x350.jpg 263w\" sizes=\"auto, (max-width: 413px) 100vw, 413px\" \/><figcaption class=\"wp-element-caption\">D\u00e9tail de \u00ab\u00a0papier fou\u00a0\u00bb<\/figcaption><\/figure>\n<\/div>\n\n\n<p class=\"wp-block-paragraph\"><\/p>\n\n\n\n<p class=\"wp-block-paragraph\">N\u00e9e \u00e0 Pau et aujourd\u2019hui install\u00e9e \u00e0 Grenoble, Sarah Gautier est docteure en chimie th\u00e9orique. Apr\u00e8s plusieurs ann\u00e9es consacr\u00e9es \u00e0 la recherche scientifique, elle amorce en 2018 un changement de vie d\u00e9cisif : elle se consacre enti\u00e8rement au dessin et d\u00e9veloppe une activit\u00e9 ind\u00e9pendante de portraitiste et d\u2019artiste auteure.<\/p>\n\n\n<div class=\"wp-block-image\">\n<figure class=\"aligncenter size-full\"><img loading=\"lazy\" decoding=\"async\" width=\"413\" height=\"550\" src=\"https:\/\/flofeel.fr\/LeBlog\/wp-content\/uploads\/2026\/09\/IMG_8933-copie.jpg\" alt=\"\" class=\"wp-image-1635\" srcset=\"https:\/\/flofeel.fr\/LeBlog\/wp-content\/uploads\/2026\/09\/IMG_8933-copie.jpg 413w, https:\/\/flofeel.fr\/LeBlog\/wp-content\/uploads\/2026\/09\/IMG_8933-copie-263x350.jpg 263w\" sizes=\"auto, (max-width: 413px) 100vw, 413px\" \/><figcaption class=\"wp-element-caption\">Chez Rachel<\/figcaption><\/figure>\n<\/div>\n\n\n<p class=\"wp-block-paragraph\"><\/p>\n\n\n\n<p class=\"wp-block-paragraph\">\u00c0 travers ses commandes comme dans sa recherche personnelle, elle explore la mani\u00e8re dont les espaces racontent ceux qui les habitent. Ses dessins r\u00e9v\u00e8lent une densit\u00e9 de d\u00e9tails o\u00f9 chaque objet semble conserver une pr\u00e9sence propre. Peu \u00e0 peu, son travail \u00e9volue vers des reconstructions d\u2019espace m\u00ealant plusieurs lieux au sein d\u2019une m\u00eame image, comme dans <em>La Passoire<\/em> ou <em>Les Bars<\/em> pr\u00e9sent\u00e9s dans cette exposition.<\/p>\n\n\n\n<p class=\"wp-block-paragraph\">Cette d\u00e9marche se d\u00e9ploie sur des supports et formats vari\u00e9s : du dessin sur papier jusqu\u2019aux tr\u00e8s grands formats sur toile ou aux interventions murales r\u00e9alis\u00e9es au marqueur acrylique. Ces \u0153uvres donnent \u00e9galement lieu \u00e0 des commandes de particuliers, d\u2019institutions et de mus\u00e9es, accompagn\u00e9es d\u2019ateliers de dessin d\u2019observation invitant le public \u00e0 exp\u00e9rimenter lui-m\u00eame cette mani\u00e8re d\u2019habiter le regard.<\/p>\n\n\n<div class=\"wp-block-image\">\n<figure class=\"aligncenter size-full\"><img loading=\"lazy\" decoding=\"async\" width=\"413\" height=\"550\" src=\"https:\/\/flofeel.fr\/LeBlog\/wp-content\/uploads\/2026\/09\/IMG_8809-copie.jpg\" alt=\"\" class=\"wp-image-1636\" srcset=\"https:\/\/flofeel.fr\/LeBlog\/wp-content\/uploads\/2026\/09\/IMG_8809-copie.jpg 413w, https:\/\/flofeel.fr\/LeBlog\/wp-content\/uploads\/2026\/09\/IMG_8809-copie-263x350.jpg 263w\" sizes=\"auto, (max-width: 413px) 100vw, 413px\" \/><figcaption class=\"wp-element-caption\">Coin pain<\/figcaption><\/figure>\n<\/div>\n\n\n<p class=\"wp-block-paragraph\"><\/p>\n\n\n\n<p class=\"wp-block-paragraph\">En 2019, Michel Bernier \u00e9crivait \u00e0 propos de son travail :<\/p>\n\n\n\n<p class=\"wp-block-paragraph\">\u00ab C\u2019est plus que du dessin, c\u2019est la reconstruction d\u2019un lieu o\u00f9, en plus de la haute pr\u00e9cision, la vie est l\u00e0. Loin d\u2019\u00e9touffer dans la profusion d\u2019objets, on respire. Et ce que j\u2019aime, en plus, c\u2019est le d\u00e9s\u00e9quilibre particulier qui conduit \u00e0 l\u2019\u00e9quilibre d\u2019un ensemble. Comme dans la vie, si on peut ! \u00bb<\/p>\n\n\n<div class=\"wp-block-image\">\n<figure class=\"aligncenter size-full is-resized\"><img loading=\"lazy\" decoding=\"async\" width=\"610\" height=\"610\" src=\"https:\/\/flofeel.fr\/LeBlog\/wp-content\/uploads\/2026\/09\/photoportrait-copie.jpeg\" alt=\"\" class=\"wp-image-1637\" style=\"width:428px;height:auto\" srcset=\"https:\/\/flofeel.fr\/LeBlog\/wp-content\/uploads\/2026\/09\/photoportrait-copie.jpeg 610w, https:\/\/flofeel.fr\/LeBlog\/wp-content\/uploads\/2026\/09\/photoportrait-copie-350x350.jpeg 350w, https:\/\/flofeel.fr\/LeBlog\/wp-content\/uploads\/2026\/09\/photoportrait-copie-250x250.jpeg 250w\" sizes=\"auto, (max-width: 610px) 100vw, 610px\" \/><figcaption class=\"wp-element-caption\">Photoportrait de Sarah Gautier avec sa petite chienne <\/figcaption><\/figure>\n<\/div>\n\n\n<p class=\"wp-block-paragraph\"><\/p>\n\n\n\n<p class=\"wp-block-paragraph\">Sarah Gautier \u00e9crit enfin :<\/p>\n\n\n\n<p class=\"wp-block-paragraph\">\u00ab Les portraits repr\u00e9sentent la r\u00e9alit\u00e9 du sujet ; tous les d\u00e9tails qui le rendent unique sont l\u00e0. Je dessine une pi\u00e8ce qui se trouve sous mes yeux, et par mon trait courb\u00e9 et fragile, on d\u00e9couvre l\u2019humanit\u00e9 contenue dans chaque objet, et dans l\u2019organisation du tout.<br>Cependant, j\u2019observe et je construis sans penser au tout, comme un cristal qui pousse, qui grandit centim\u00e8tre par centim\u00e8tre \u00e0 mon \u00e9chelle. Jusqu\u2019\u00e0 la rencontre finale entre cette pi\u00e8ce et moi-m\u00eame.<br>Et le temps accord\u00e9 \u00e0 cette rencontre est transmis instinctivement au spectateur : lors d\u2019un coup d\u2019\u0153il ou d\u2019un arr\u00eat prolong\u00e9, une pause pour lui aussi, un repos. \u00bb<\/p>\n","protected":false},"excerpt":{"rendered":"<p>Sarah Gautier pr\u00e9sente ici une s\u00e9rie de reproductions de dessins qu\u2019elle nomme \u00ab portraits d\u2019espace \u00bb.Ces lieux existent r\u00e9ellement : chambres, caf\u00e9s, ateliers, int\u00e9rieurs habit\u00e9s. Son travail repose sur une pratique du dessin d\u2019observation men\u00e9e de fa\u00e7on presque radicale. Sans esquisse pr\u00e9alable ni crayonn\u00e9, elle construit l\u2019image directement au feutre fin, trait apr\u00e8s trait, d\u00e9tail [&hellip;]<\/p>\n","protected":false},"author":2,"featured_media":0,"comment_status":"closed","ping_status":"","sticky":false,"template":"","format":"standard","meta":{"footnotes":""},"categories":[4,5,23,22],"tags":[11,24,89],"class_list":["post-1631","post","type-post","status-publish","format-standard","hentry","category-activites","category-dessins","category-illustration","category-galerie-florence-collections","tag-dessins-2","tag-expositions","tag-tirages-dart"],"_links":{"self":[{"href":"https:\/\/flofeel.fr\/LeBlog\/wp-json\/wp\/v2\/posts\/1631","targetHints":{"allow":["GET"]}}],"collection":[{"href":"https:\/\/flofeel.fr\/LeBlog\/wp-json\/wp\/v2\/posts"}],"about":[{"href":"https:\/\/flofeel.fr\/LeBlog\/wp-json\/wp\/v2\/types\/post"}],"author":[{"embeddable":true,"href":"https:\/\/flofeel.fr\/LeBlog\/wp-json\/wp\/v2\/users\/2"}],"replies":[{"embeddable":true,"href":"https:\/\/flofeel.fr\/LeBlog\/wp-json\/wp\/v2\/comments?post=1631"}],"version-history":[{"count":3,"href":"https:\/\/flofeel.fr\/LeBlog\/wp-json\/wp\/v2\/posts\/1631\/revisions"}],"predecessor-version":[{"id":1640,"href":"https:\/\/flofeel.fr\/LeBlog\/wp-json\/wp\/v2\/posts\/1631\/revisions\/1640"}],"wp:attachment":[{"href":"https:\/\/flofeel.fr\/LeBlog\/wp-json\/wp\/v2\/media?parent=1631"}],"wp:term":[{"taxonomy":"category","embeddable":true,"href":"https:\/\/flofeel.fr\/LeBlog\/wp-json\/wp\/v2\/categories?post=1631"},{"taxonomy":"post_tag","embeddable":true,"href":"https:\/\/flofeel.fr\/LeBlog\/wp-json\/wp\/v2\/tags?post=1631"}],"curies":[{"name":"wp","href":"https:\/\/api.w.org\/{rel}","templated":true}]}}