{"id":1641,"date":"2026-03-09T16:56:15","date_gmt":"2026-03-09T15:56:15","guid":{"rendered":"https:\/\/flofeel.fr\/LeBlog\/?p=1641"},"modified":"2026-09-05T17:07:16","modified_gmt":"2026-09-05T15:07:16","slug":"faces-et-formes","status":"publish","type":"post","link":"https:\/\/flofeel.fr\/LeBlog\/faces-et-formes\/","title":{"rendered":"Faces et formes"},"content":{"rendered":"<div class=\"wp-block-image\">\n<figure class=\"aligncenter size-full\"><img loading=\"lazy\" decoding=\"async\" width=\"610\" height=\"458\" src=\"https:\/\/flofeel.fr\/LeBlog\/wp-content\/uploads\/2026\/09\/IMG_8669-copie.jpg\" alt=\"\" class=\"wp-image-1643\" srcset=\"https:\/\/flofeel.fr\/LeBlog\/wp-content\/uploads\/2026\/09\/IMG_8669-copie.jpg 610w, https:\/\/flofeel.fr\/LeBlog\/wp-content\/uploads\/2026\/09\/IMG_8669-copie-350x263.jpg 350w\" sizes=\"auto, (max-width: 610px) 100vw, 610px\" \/><figcaption class=\"wp-element-caption\">Face : masque de c\u00e9ramique<\/figcaption><\/figure>\n<\/div>\n\n\n<p class=\"wp-block-paragraph\"><strong>\u00c9ric Dilly<\/strong> vit et travaille \u00e0 Tourcoing.<\/p>\n\n\n\n<p class=\"wp-block-paragraph\">Form\u00e9 en arts appliqu\u00e9s puis aux Beaux-Arts, son parcours traverse plusieurs champs de la cr\u00e9ation visuelle : cr\u00e9ation textile, illustration, graphisme et mise en page.<\/p>\n\n\n\n<p class=\"wp-block-paragraph\">Ces exp\u00e9riences ont nourri une pratique artistique attentive aux formes simples, aux rythmes visuels et \u00e0 la narration par l\u2019image.<\/p>\n\n\n<div class=\"wp-block-image\">\n<figure class=\"aligncenter size-full\"><img loading=\"lazy\" decoding=\"async\" width=\"610\" height=\"574\" src=\"https:\/\/flofeel.fr\/LeBlog\/wp-content\/uploads\/2026\/09\/IMG_8636-2-1.jpg\" alt=\"\" class=\"wp-image-1646\" srcset=\"https:\/\/flofeel.fr\/LeBlog\/wp-content\/uploads\/2026\/09\/IMG_8636-2-1.jpg 610w, https:\/\/flofeel.fr\/LeBlog\/wp-content\/uploads\/2026\/09\/IMG_8636-2-1-350x329.jpg 350w\" sizes=\"auto, (max-width: 610px) 100vw, 610px\" \/><figcaption class=\"wp-element-caption\">Faces : s\u00e9rie de portraits<\/figcaption><\/figure>\n<\/div>\n\n\n<p class=\"wp-block-paragraph\">Dans les ann\u00e9es 1990 et 2000, il participe activement \u00e0 la vie culturelle roubaisienne au sein du collectif <em>Les D\u00e9fenseurs des Beaux-Arts<\/em>, prenant part \u00e0 de nombreuses expositions et \u00e9v\u00e9nements dans la m\u00e9tropole lilloise. Cette dynamique collective a contribu\u00e9 \u00e0 ancrer son travail dans un dialogue vivant avec son territoire.<\/p>\n\n\n<div class=\"wp-block-image\">\n<figure class=\"aligncenter size-full\"><img loading=\"lazy\" decoding=\"async\" width=\"610\" height=\"458\" src=\"https:\/\/flofeel.fr\/LeBlog\/wp-content\/uploads\/2026\/09\/IMG_8636-copie.jpg\" alt=\"\" class=\"wp-image-1642\" srcset=\"https:\/\/flofeel.fr\/LeBlog\/wp-content\/uploads\/2026\/09\/IMG_8636-copie.jpg 610w, https:\/\/flofeel.fr\/LeBlog\/wp-content\/uploads\/2026\/09\/IMG_8636-copie-350x263.jpg 350w\" sizes=\"auto, (max-width: 610px) 100vw, 610px\" \/><figcaption class=\"wp-element-caption\">Vue de l&rsquo;exposition : Faces sur fond vert Formes sur fond rouge<\/figcaption><\/figure>\n<\/div>\n\n\n<p class=\"wp-block-paragraph\">Les \u0153uvres pr\u00e9sent\u00e9es \u00e0 <strong>l\u2019Illustration \u2013 galerie Florence Collections<\/strong> s\u2019inscrivent dans cette continuit\u00e9. Sa peinture, souvent semi-figurative, laisse volontairement appara\u00eetre ses imperfections. Elle propose des fragments d\u2019histoires du quotidien, des situations simples, parfois des univers l\u00e9g\u00e8rement abstraits. Toujours pens\u00e9es en s\u00e9ries, ces images se r\u00e9pondent comme les pages d\u2019un r\u00e9cit visuel.<\/p>\n\n\n\n<p class=\"wp-block-paragraph\">Son imaginaire se nourrit d\u2019influences vari\u00e9es : la bande dessin\u00e9e, l\u2019affiche, mais aussi certaines formes de l\u2019art africain et des traditions visuelles de l\u2019Europe du Nord.<\/p>\n\n\n<div class=\"wp-block-image\">\n<figure class=\"aligncenter size-full\"><img loading=\"lazy\" decoding=\"async\" width=\"610\" height=\"466\" src=\"https:\/\/flofeel.fr\/LeBlog\/wp-content\/uploads\/2026\/09\/IMG_8635-3.jpg\" alt=\"\" class=\"wp-image-1645\" srcset=\"https:\/\/flofeel.fr\/LeBlog\/wp-content\/uploads\/2026\/09\/IMG_8635-3.jpg 610w, https:\/\/flofeel.fr\/LeBlog\/wp-content\/uploads\/2026\/09\/IMG_8635-3-350x267.jpg 350w\" sizes=\"auto, (max-width: 610px) 100vw, 610px\" \/><figcaption class=\"wp-element-caption\">Faces : s\u00e9rie de portraits<\/figcaption><\/figure>\n<\/div>\n\n\n<p class=\"wp-block-paragraph\">En parall\u00e8le de la peinture, \u00c9ric Dilly d\u00e9veloppe un travail de <strong>c\u00e9ramique<\/strong>, \u00e0 la fois utilitaire et artistique, dans lequel on retrouve les m\u00eames pr\u00e9occupations : le go\u00fbt pour la forme directe, la narration discr\u00e8te et une attention port\u00e9e aux gestes.<\/p>\n\n\n\n<p class=\"wp-block-paragraph\">\u00c0 travers cette exposition, l\u2019artiste partage un travail volontairement accessible, simple et sinc\u00e8re \u2014 une pratique modeste au sens noble du terme, qui invite le regard \u00e0 se poser sur les formes et les histoires du quotidien.<\/p>\n","protected":false},"excerpt":{"rendered":"<p>\u00c9ric Dilly vit et travaille \u00e0 Tourcoing. Form\u00e9 en arts appliqu\u00e9s puis aux Beaux-Arts, son parcours traverse plusieurs champs de la cr\u00e9ation visuelle : cr\u00e9ation textile, illustration, graphisme et mise en page. Ces exp\u00e9riences ont nourri une pratique artistique attentive aux formes simples, aux rythmes visuels et \u00e0 la narration par l\u2019image. Dans les ann\u00e9es [&hellip;]<\/p>\n","protected":false},"author":2,"featured_media":0,"comment_status":"closed","ping_status":"","sticky":false,"template":"","format":"standard","meta":{"footnotes":""},"categories":[4,23,22,3,2],"tags":[70,24,26,38],"class_list":["post-1641","post","type-post","status-publish","format-standard","hentry","category-activites","category-illustration","category-galerie-florence-collections","category-peintures","category-sculptures","tag-ceramiques","tag-expositions","tag-peintures-2","tag-sculptures-2"],"_links":{"self":[{"href":"https:\/\/flofeel.fr\/LeBlog\/wp-json\/wp\/v2\/posts\/1641","targetHints":{"allow":["GET"]}}],"collection":[{"href":"https:\/\/flofeel.fr\/LeBlog\/wp-json\/wp\/v2\/posts"}],"about":[{"href":"https:\/\/flofeel.fr\/LeBlog\/wp-json\/wp\/v2\/types\/post"}],"author":[{"embeddable":true,"href":"https:\/\/flofeel.fr\/LeBlog\/wp-json\/wp\/v2\/users\/2"}],"replies":[{"embeddable":true,"href":"https:\/\/flofeel.fr\/LeBlog\/wp-json\/wp\/v2\/comments?post=1641"}],"version-history":[{"count":1,"href":"https:\/\/flofeel.fr\/LeBlog\/wp-json\/wp\/v2\/posts\/1641\/revisions"}],"predecessor-version":[{"id":1647,"href":"https:\/\/flofeel.fr\/LeBlog\/wp-json\/wp\/v2\/posts\/1641\/revisions\/1647"}],"wp:attachment":[{"href":"https:\/\/flofeel.fr\/LeBlog\/wp-json\/wp\/v2\/media?parent=1641"}],"wp:term":[{"taxonomy":"category","embeddable":true,"href":"https:\/\/flofeel.fr\/LeBlog\/wp-json\/wp\/v2\/categories?post=1641"},{"taxonomy":"post_tag","embeddable":true,"href":"https:\/\/flofeel.fr\/LeBlog\/wp-json\/wp\/v2\/tags?post=1641"}],"curies":[{"name":"wp","href":"https:\/\/api.w.org\/{rel}","templated":true}]}}